{"id":290,"date":"2023-06-07T17:44:01","date_gmt":"2023-06-07T17:44:01","guid":{"rendered":"https:\/\/www.homanablak.hu\/?p=290"},"modified":"2023-06-07T17:44:31","modified_gmt":"2023-06-07T17:44:31","slug":"muanyag-ablakok","status":"publish","type":"post","link":"https:\/\/www.homanablak.hu\/hr\/muanyag-ablakok\/","title":{"rendered":"M\u0171anyag ablakok"},"content":{"rendered":"<h4 class=\"wp-block-heading\">C\u00e9g\u00fcnk t\u00f6bbf\u00e9le ny\u00edl\u00e1sz\u00e1r\u00f3-rendszer gy\u00e1rt\u00f3 term\u00e9keinek \u00e9rt\u00e9kes\u00edt\u00e9s\u00e9vel \u00e9s be\u00e9p\u00edt\u00e9s\u00e9vel foglalkozik.<\/h4>\n\n\n\n<p>A&nbsp;<strong>GEALAN &nbsp;S8000 IQ<\/strong>&nbsp;74 mm be\u00e9p\u00edt\u00e9si m\u00e9lys\u00e9g\u0171 profilrendszer a m\u00f3dos\u00edtott 6 kamr\u00e1s konstrukci\u00f3val nagyon j\u00f3 h\u0151szigetel\u00e9ssel rendelkezik, mely illeszkedik az \u00faj energiatakar\u00e9kos\u00ads\u00e1gi rendelethez (EnEV). A keretprofil \u00e9s a sz\u00e1rnyprofil meger\u0151s\u00edtett vasalata kiv\u00e1l\u00f3 stabilit\u00e1st ny\u00fajt, mellyel nagyobb ablak \u00e9p\u00edt\u00e9se illetve ezzel p\u00e1rhuzamosan nagyobb stabilit\u00e1s \u00e9rhet\u0151 el a sz\u00e9llel szemben. Mivel a biztons\u00e1g \u00e9s a v\u00e9delem kiemelten fontos k\u00e9rd\u00e9s az ablak kiv\u00e1laszt\u00e1s\u00e1n\u00e1l, ez\u00e9rt k\u00e9r\u00e9sre rendelkez\u00e9sre \u00e1llunk az S 8000 IQ rendszeren bel\u00fcl bet\u00f6r\u00e9sbiztos \u00fcvegez\u00e9ssel illetve z\u00e1rrendszerrel.<\/p>\n\n\n\n<ul class=\"wp-block-list\">\n<li>bel\u00fcl: lekerek\u00edtett \u00fcvegszor\u00edt\u00f3 a letisztult optik\u00e1\u00e9rt<\/li>\n\n\n\n<li>nagyon j\u00f3 stabilit\u00e1s a mege\u00adr\u0151s\u00edtett vasalattal a keret- \u00e9s sz\u00e1rnyprofilban<\/li>\n\n\n\n<li>modern acrylcolor sz\u00ednek \u00e9s fa-dekor fel\u00fcletek sokoldal\u00fa felhaszn\u00e1l\u00e1st tesznek lehet\u0151v\u00e9<\/li>\n\n\n\n<li>Attrakt\u00edv design, el\u0151rel\u00e1t\u00e1ssal \u00e9s dinamikus optik\u00e1val<\/li>\n<\/ul>\n\n\n<div class=\"wp-block-image\">\n<figure class=\"alignright\"><a href=\"https:\/\/www.homanablak.hu\/files\/S_9000.jpg\"><img decoding=\"async\" src=\"https:\/\/www.homanablak.hu\/files\/S_9000-224x300.jpg\" alt=\"GEALAN S9000\" class=\"wp-image-190\"\/><\/a><\/figure>\n<\/div>\n\n\n<p>Az \u00faj&nbsp;<strong>GEALAN S9000&nbsp;<\/strong>rendszer az &nbsp;egyar\u00e1nt egyes\u00edti a k\u00f6z\u00e9p- \u00e9s \u00fctk\u00f6z\u0151t\u00f6m\u00edt\u00e9s jellemz\u0151it \u00e9s el\u0151nyeit, kombin\u00e1lt 82,5 mm-es be\u00e9p\u00edt\u00e9si m\u00e9lys\u00e9g\u0171 rendszerk\u00e9nt. A nagy be\u00e9p\u00edt\u00e9si m\u00e9lys\u00e9g, a tok \u00e9s a sz\u00e1rny hat profilkamr\u00e1ja, az \u00e1tmen\u0151 h\u00e1rom t\u00f6m\u00edt\u00e9si szint a kiv\u00e1l\u00f3 h\u0151szigetel\u00e9st garant\u00e1lj\u00e1k. M\u00e9g a legmagasabb ig\u00e9ny\u0171 ablak k\u00f6vetelm\u00e9nyeknek is megfelel.<\/p>\n\n\n\n<h4 class=\"wp-block-heading\">Alakos-\u00edves kialak\u00edt\u00e1sok<\/h4>\n\n\n\n<p>Ig\u00e9ny esett\u00e9n a m\u0171anyag profilb\u00f3l&nbsp;<strong>k\u00f6r-, \u00edves- vagy t\u00f6bbsz\u00f6g\u0171<\/strong>&nbsp;ny\u00edl\u00e1sz\u00e1r\u00f3k is k\u00e9sz\u00edthet\u0151k.<\/p>","protected":false},"excerpt":{"rendered":"<p>C\u00e9g\u00fcnk t\u00f6bbf\u00e9le ny\u00edl\u00e1sz\u00e1r\u00f3-rendszer gy\u00e1rt\u00f3 term\u00e9keinek \u00e9rt\u00e9kes\u00edt\u00e9s\u00e9vel \u00e9s be\u00e9p\u00edt\u00e9s\u00e9vel foglalkozik. A&nbsp;GEALAN &nbsp;S8000 IQ&nbsp;74 mm be\u00e9p\u00edt\u00e9si m\u00e9lys\u00e9g\u0171 profilrendszer a m\u00f3dos\u00edtott 6 kamr\u00e1s konstrukci\u00f3val nagyon [&hellip;]<\/p>","protected":false},"author":1,"featured_media":0,"comment_status":"closed","ping_status":"closed","sticky":false,"template":"","format":"standard","meta":{"_seopress_robots_primary_cat":"","_seopress_titles_title":"","_seopress_titles_desc":"","_seopress_robots_index":"","footnotes":""},"categories":[22],"tags":[],"class_list":["post-290","post","type-post","status-publish","format-standard","hentry","category-muanyag-ablakok"],"_links":{"self":[{"href":"https:\/\/www.homanablak.hu\/hr\/wp-json\/wp\/v2\/posts\/290","targetHints":{"allow":["GET"]}}],"collection":[{"href":"https:\/\/www.homanablak.hu\/hr\/wp-json\/wp\/v2\/posts"}],"about":[{"href":"https:\/\/www.homanablak.hu\/hr\/wp-json\/wp\/v2\/types\/post"}],"author":[{"embeddable":true,"href":"https:\/\/www.homanablak.hu\/hr\/wp-json\/wp\/v2\/users\/1"}],"replies":[{"embeddable":true,"href":"https:\/\/www.homanablak.hu\/hr\/wp-json\/wp\/v2\/comments?post=290"}],"version-history":[{"count":0,"href":"https:\/\/www.homanablak.hu\/hr\/wp-json\/wp\/v2\/posts\/290\/revisions"}],"wp:attachment":[{"href":"https:\/\/www.homanablak.hu\/hr\/wp-json\/wp\/v2\/media?parent=290"}],"wp:term":[{"taxonomy":"category","embeddable":true,"href":"https:\/\/www.homanablak.hu\/hr\/wp-json\/wp\/v2\/categories?post=290"},{"taxonomy":"post_tag","embeddable":true,"href":"https:\/\/www.homanablak.hu\/hr\/wp-json\/wp\/v2\/tags?post=290"}],"curies":[{"name":"wp","href":"https:\/\/api.w.org\/{rel}","templated":true}]}}