{"id":281,"date":"2023-06-07T17:38:35","date_gmt":"2023-06-07T17:38:35","guid":{"rendered":"https:\/\/www.homanablak.hu\/?p=281"},"modified":"2023-07-26T12:55:21","modified_gmt":"2023-07-26T12:55:21","slug":"napellenzok","status":"publish","type":"post","link":"https:\/\/www.homanablak.hu\/hr\/napellenzok\/","title":{"rendered":"Tende"},"content":{"rendered":"<div data-elementor-type=\"wp-post\" data-elementor-id=\"281\" class=\"elementor elementor-281\" data-elementor-settings=\"{&quot;element_pack_global_tooltip_width&quot;:{&quot;unit&quot;:&quot;px&quot;,&quot;size&quot;:&quot;&quot;,&quot;sizes&quot;:[]},&quot;element_pack_global_tooltip_width_tablet&quot;:{&quot;unit&quot;:&quot;px&quot;,&quot;size&quot;:&quot;&quot;,&quot;sizes&quot;:[]},&quot;element_pack_global_tooltip_width_mobile&quot;:{&quot;unit&quot;:&quot;px&quot;,&quot;size&quot;:&quot;&quot;,&quot;sizes&quot;:[]},&quot;element_pack_global_tooltip_padding&quot;:{&quot;unit&quot;:&quot;px&quot;,&quot;top&quot;:&quot;&quot;,&quot;right&quot;:&quot;&quot;,&quot;bottom&quot;:&quot;&quot;,&quot;left&quot;:&quot;&quot;,&quot;isLinked&quot;:true},&quot;element_pack_global_tooltip_padding_tablet&quot;:{&quot;unit&quot;:&quot;px&quot;,&quot;top&quot;:&quot;&quot;,&quot;right&quot;:&quot;&quot;,&quot;bottom&quot;:&quot;&quot;,&quot;left&quot;:&quot;&quot;,&quot;isLinked&quot;:true},&quot;element_pack_global_tooltip_padding_mobile&quot;:{&quot;unit&quot;:&quot;px&quot;,&quot;top&quot;:&quot;&quot;,&quot;right&quot;:&quot;&quot;,&quot;bottom&quot;:&quot;&quot;,&quot;left&quot;:&quot;&quot;,&quot;isLinked&quot;:true},&quot;element_pack_global_tooltip_border_radius&quot;:{&quot;unit&quot;:&quot;px&quot;,&quot;top&quot;:&quot;&quot;,&quot;right&quot;:&quot;&quot;,&quot;bottom&quot;:&quot;&quot;,&quot;left&quot;:&quot;&quot;,&quot;isLinked&quot;:true},&quot;element_pack_global_tooltip_border_radius_tablet&quot;:{&quot;unit&quot;:&quot;px&quot;,&quot;top&quot;:&quot;&quot;,&quot;right&quot;:&quot;&quot;,&quot;bottom&quot;:&quot;&quot;,&quot;left&quot;:&quot;&quot;,&quot;isLinked&quot;:true},&quot;element_pack_global_tooltip_border_radius_mobile&quot;:{&quot;unit&quot;:&quot;px&quot;,&quot;top&quot;:&quot;&quot;,&quot;right&quot;:&quot;&quot;,&quot;bottom&quot;:&quot;&quot;,&quot;left&quot;:&quot;&quot;,&quot;isLinked&quot;:true}}\" data-elementor-post-type=\"post\">\n\t\t\t\t\t\t<section class=\"elementor-section elementor-top-section elementor-element elementor-element-2fef2a3 elementor-section-boxed elementor-section-height-default elementor-section-height-default\" data-id=\"2fef2a3\" data-element_type=\"section\">\n\t\t\t\t\t\t<div class=\"elementor-container elementor-column-gap-default\">\n\t\t\t\t\t<div class=\"elementor-column elementor-col-100 elementor-top-column elementor-element elementor-element-0088c60\" data-id=\"0088c60\" data-element_type=\"column\">\n\t\t\t<div class=\"elementor-widget-wrap elementor-element-populated\">\n\t\t\t\t\t\t<div class=\"elementor-element elementor-element-e0c23f9 elementor-widget elementor-widget-text-editor\" data-id=\"e0c23f9\" data-element_type=\"widget\" data-widget_type=\"text-editor.default\">\n\t\t\t\t<div class=\"elementor-widget-container\">\n\t\t\t\t\t\t\t\t\t<p>A napellenz\u0151\u00a0az egyik legjobb m\u00f3dja annak, hogy olcs\u00f3n, st\u00edlusosan \u00e9s egyben hat\u00e1sosan \u00e1rny\u00e9koljunk egy nagyobb fel\u00fclet\u0171 erk\u00e9lyt, ki\u00fcl\u0151t vagy teraszt. C\u00e9g\u00fcnk\u00f6n kereszt\u00fcl a napellenz\u0151k sz\u00e1mos t\u00edpusa el\u00e9rhet\u0151.<\/p>\t\t\t\t\t\t\t\t<\/div>\n\t\t\t\t<\/div>\n\t\t\t\t<div class=\"elementor-element elementor-element-d421eed elementor-widget elementor-widget-heading\" data-id=\"d421eed\" data-element_type=\"widget\" data-widget_type=\"heading.default\">\n\t\t\t\t<div class=\"elementor-widget-container\">\n\t\t\t\t\t<h4 class=\"elementor-heading-title elementor-size-default\">falra szerelhet\u0151 napellenz\u0151k<\/h4>\t\t\t\t<\/div>\n\t\t\t\t<\/div>\n\t\t\t\t<div class=\"elementor-element elementor-element-f24fac2 elementor-widget elementor-widget-bdt-accordion\" data-id=\"f24fac2\" data-element_type=\"widget\" data-widget_type=\"bdt-accordion.default\">\n\t\t\t\t<div class=\"elementor-widget-container\">\n\t\t\t\t\t\t\t<div class=\"bdt-ep-accordion-container\">\n\t\t\t<div id=\"bdt-ep-accordion-f24fac2\" class=\"bdt-ep-accordion bdt-accordion\" data-bdt-accordion=\"{&quot;collapsible&quot;:true,&quot;multiple&quot;:false,&quot;transition&quot;:&quot;ease-in-out&quot;}\" \t\tdata-settings=\"{&quot;id&quot;:&quot;bdt-ep-accordion-f24fac2&quot;,&quot;activeHash&quot;:&quot;no&quot;,&quot;activeScrollspy&quot;:null,&quot;hashTopOffset&quot;:false,&quot;hashScrollspyTime&quot;:false,&quot;closeAllItemsOnMobile&quot;:false}\">\n\t\t\t\t\t\t\t\t\t<div class=\"bdt-ep-accordion-item\">\n\t\t\t\t\t\t<div\t\t\t\t\t\t\tclass=\"bdt-ep-accordion-title bdt-accordion-title bdt-flex bdt-flex-middle bdt-flex-between\" id=\"bdt-ep-accordion-erhardt-bs-rnykol-a-mindennapokra\"\n\t\t\t\t\t\t\tdata-accordion-index=\"0\" data-title=\"erhardt-bs-rny-kol-a-mindennapokra\">\n\n\t\t\t\t\t\t\t\t\t\t\t\t\t\t\t<span class=\"bdt-ep-accordion-icon bdt-flex-align-right\"\n\t\t\t\t\t\t\t\t\taria-hidden=\"true\">\n\n\t\t\t\t\t\t\t\t\t\t\t\t\t\t\t\t\t\t\t<span class=\"bdt-ep-accordion-icon-closed\">\n\t\t\t\t\t\t\t\t\t\t\t<i aria-hidden=\"true\" class=\"fa-fw ti ti-plus\"><\/i>\t\t\t\t\t\t\t\t\t\t<\/span>\n\t\t\t\t\t\t\t\t\t\n\t\t\t\t\t\t\t\t\t\t\t\t\t\t\t\t\t\t\t<span class=\"bdt-ep-accordion-icon-opened\">\n\t\t\t\t\t\t\t\t\t\t\t<i aria-hidden=\"true\" class=\"fa-fw ti ti-minus\"><\/i>\t\t\t\t\t\t\t\t\t\t<\/span>\n\t\t\t\t\t\t\t\t\t\n\t\t\t\t\t\t\t\t<\/span>\n\t\t\t\t\t\t\t\n\t\t\t\t\t\t\t<span role=\"heading\" class=\"bdt-ep-title-text bdt-flex-inline bdt-flex-middle\" >\n\n\t\t\t\t\t\t\t\t\t\t\t\t\t\t\t\tERHARDT BS - \u00e1rny\u00e9kol\u00f3 a mindennapokra\t\t\t\t\t\t\t<\/span>\n\n\t\t\t\t\t\t<\/div>\n\t\t\t\t\t\t<div class=\"bdt-ep-accordion-content bdt-accordion-content\">\n\t\t\t\t\t\t\t<p><strong>ERHARDT BS &#8211; \u00e1rny\u00e9kol\u00f3 a mindennapokra<\/strong><\/p><p>Minden ig\u00e9nyre optim\u00e1lis megold\u00e1st k\u00edn\u00e1l. Fel\u00fclr\u0151l \u00e9s el\u0151r\u00f6l is \u00e1rny\u00e9kot biztos\u00edt. V\u00e9dett helyen nyitott k\u00f6ny\u00f6kkaros napellenz\u0151k\u00e9nt, vagy az id\u0151j\u00e1r\u00e1si viszonyoknak kitett helyen es\u0151v\u00e9d\u0151 tet\u0151vel, ak\u00e1r als\u00f3 burkolattal teljesen z\u00e1rt rendszerk\u00e9nt is m\u0171k\u00f6dhet. \u201eDeluxe\u201d kivitelben is v\u00e1laszthat\u00f3 leengedhet\u0151 \u00e1rny\u00e9ktoldattal.<\/p><p><a href=\"https:\/\/www.homanablak.hu\/files\/2023\/07\/erhardt_bs_napellenzo.pdf\" target=\"_blank\" rel=\"noopener\">ERHARDT BS napellenz\u0151 term\u00e9kismertet\u0151 &gt;&gt;<\/a><\/p>\t\t\t\t\t\t<\/div>\n\t\t\t\t\t<\/div>\n\t\t\t\t\t\t\t\t\t<div class=\"bdt-ep-accordion-item\">\n\t\t\t\t\t\t<div\t\t\t\t\t\t\tclass=\"bdt-ep-accordion-title bdt-accordion-title bdt-flex bdt-flex-middle bdt-flex-between\" id=\"bdt-ep-accordion-erhardt-c-elegns-megolds\"\n\t\t\t\t\t\t\tdata-accordion-index=\"1\" data-title=\"erhardt-c-eleg-ns-megold-s\">\n\n\t\t\t\t\t\t\t\t\t\t\t\t\t\t\t<span class=\"bdt-ep-accordion-icon bdt-flex-align-right\"\n\t\t\t\t\t\t\t\t\taria-hidden=\"true\">\n\n\t\t\t\t\t\t\t\t\t\t\t\t\t\t\t\t\t\t\t<span class=\"bdt-ep-accordion-icon-closed\">\n\t\t\t\t\t\t\t\t\t\t\t<i aria-hidden=\"true\" class=\"fa-fw ti ti-plus\"><\/i>\t\t\t\t\t\t\t\t\t\t<\/span>\n\t\t\t\t\t\t\t\t\t\n\t\t\t\t\t\t\t\t\t\t\t\t\t\t\t\t\t\t\t<span class=\"bdt-ep-accordion-icon-opened\">\n\t\t\t\t\t\t\t\t\t\t\t<i aria-hidden=\"true\" class=\"fa-fw ti ti-minus\"><\/i>\t\t\t\t\t\t\t\t\t\t<\/span>\n\t\t\t\t\t\t\t\t\t\n\t\t\t\t\t\t\t\t<\/span>\n\t\t\t\t\t\t\t\n\t\t\t\t\t\t\t<span role=\"heading\" class=\"bdt-ep-title-text bdt-flex-inline bdt-flex-middle\" >\n\n\t\t\t\t\t\t\t\t\t\t\t\t\t\t\t\tERHARDT C - eleg\u00e1ns megold\u00e1s\t\t\t\t\t\t\t<\/span>\n\n\t\t\t\t\t\t<\/div>\n\t\t\t\t\t\t<div class=\"bdt-ep-accordion-content bdt-accordion-content\">\n\t\t\t\t\t\t\t<p>Enn\u00e9l a tokozott napellenz\u0151n\u00e9l a ponyva \u00e9s a mechanika a tokban helyezkedik el, \u00edgy az id\u0151j\u00e1r\u00e1s hat\u00e1saival szemben optim\u00e1lis a v\u00e9delem. A tok kivitelez\u00e9se id\u0151t\u00e1ll\u00f3 \u00e9s eleg\u00e1ns, ez a napellenz\u0151, ez\u00e9rt t\u00f6k\u00e9letesen illeszkedik minden \u00e9p\u00edt\u00e9szeti st\u00edlusba<\/p><p><a href=\"https:\/\/www.homanablak.hu\/files\/2023\/07\/erhardt_c_napellenzo.pdf\" target=\"_blank\" rel=\"noopener\"><strong>\u00a0<\/strong>ERHARDT C napellenz\u0151 term\u00e9kismertet\u0151 &gt;&gt;<\/a><\/p>\t\t\t\t\t\t<\/div>\n\t\t\t\t\t<\/div>\n\t\t\t\t\t\t\t\t\t<div class=\"bdt-ep-accordion-item\">\n\t\t\t\t\t\t<div\t\t\t\t\t\t\tclass=\"bdt-ep-accordion-title bdt-accordion-title bdt-flex bdt-flex-middle bdt-flex-between\" id=\"bdt-ep-accordion-erhardt-j-az-utols-rszletig-tgondolva\"\n\t\t\t\t\t\t\tdata-accordion-index=\"2\" data-title=\"erhardt-j-az-utols-r-szletig-tgondolva\">\n\n\t\t\t\t\t\t\t\t\t\t\t\t\t\t\t<span class=\"bdt-ep-accordion-icon bdt-flex-align-right\"\n\t\t\t\t\t\t\t\t\taria-hidden=\"true\">\n\n\t\t\t\t\t\t\t\t\t\t\t\t\t\t\t\t\t\t\t<span class=\"bdt-ep-accordion-icon-closed\">\n\t\t\t\t\t\t\t\t\t\t\t<i aria-hidden=\"true\" class=\"fa-fw ti ti-plus\"><\/i>\t\t\t\t\t\t\t\t\t\t<\/span>\n\t\t\t\t\t\t\t\t\t\n\t\t\t\t\t\t\t\t\t\t\t\t\t\t\t\t\t\t\t<span class=\"bdt-ep-accordion-icon-opened\">\n\t\t\t\t\t\t\t\t\t\t\t<i aria-hidden=\"true\" class=\"fa-fw ti ti-minus\"><\/i>\t\t\t\t\t\t\t\t\t\t<\/span>\n\t\t\t\t\t\t\t\t\t\n\t\t\t\t\t\t\t\t<\/span>\n\t\t\t\t\t\t\t\n\t\t\t\t\t\t\t<span role=\"heading\" class=\"bdt-ep-title-text bdt-flex-inline bdt-flex-middle\" >\n\n\t\t\t\t\t\t\t\t\t\t\t\t\t\t\t\tERHARDT J - az utols\u00f3 r\u00e9szletig \u00e1tgondolva\t\t\t\t\t\t\t<\/span>\n\n\t\t\t\t\t\t<\/div>\n\t\t\t\t\t\t<div class=\"bdt-ep-accordion-content bdt-accordion-content\">\n\t\t\t\t\t\t\t<p>A be\u00e9p\u00edtett ereszcsatorna megfelel\u0151 v\u00edzelvezet\u00e9sr\u0151l gondoskodik. A tok nagy v\u00edzz\u00e1r\u00f3s\u00e1g\u00e1\u00e9rt pedig egy t\u00f6m\u00edt\u0151gumi felel\u0151s, mely halk z\u00e1r\u00f3d\u00e1st tesz lehet\u0151v\u00e9. A konzolok \u00e9s r\u00f6gz\u00edt\u0151 elemek optikailag \u00e9s technikailag is kit\u0171n\u0151 megold\u00e1st k\u00edn\u00e1lnak minden szerel\u00e9si helyzetre.<\/p><p><a href=\"https:\/\/www.homanablak.hu\/files\/2023\/07\/erhardt_j_napellenzo.pdf\" target=\"_blank\" rel=\"noopener\"><strong>\u00a0<\/strong>ERHARDT J napellenz\u0151 term\u00e9kismertet\u0151 &gt;&gt;<\/a><\/p>\t\t\t\t\t\t<\/div>\n\t\t\t\t\t<\/div>\n\t\t\t\t\t\t\t\t\t<div class=\"bdt-ep-accordion-item\">\n\t\t\t\t\t\t<div\t\t\t\t\t\t\tclass=\"bdt-ep-accordion-title bdt-accordion-title bdt-flex bdt-flex-middle bdt-flex-between\" id=\"bdt-ep-accordion-erhardt-k-teljes-kr-vdelem-a-legkisebb-terekhez\"\n\t\t\t\t\t\t\tdata-accordion-index=\"3\" data-title=\"erhardt-k-teljes-k-r-v-delem-a-legkisebb-terekhez\">\n\n\t\t\t\t\t\t\t\t\t\t\t\t\t\t\t<span class=\"bdt-ep-accordion-icon bdt-flex-align-right\"\n\t\t\t\t\t\t\t\t\taria-hidden=\"true\">\n\n\t\t\t\t\t\t\t\t\t\t\t\t\t\t\t\t\t\t\t<span class=\"bdt-ep-accordion-icon-closed\">\n\t\t\t\t\t\t\t\t\t\t\t<i aria-hidden=\"true\" class=\"fa-fw ti ti-plus\"><\/i>\t\t\t\t\t\t\t\t\t\t<\/span>\n\t\t\t\t\t\t\t\t\t\n\t\t\t\t\t\t\t\t\t\t\t\t\t\t\t\t\t\t\t<span class=\"bdt-ep-accordion-icon-opened\">\n\t\t\t\t\t\t\t\t\t\t\t<i aria-hidden=\"true\" class=\"fa-fw ti ti-minus\"><\/i>\t\t\t\t\t\t\t\t\t\t<\/span>\n\t\t\t\t\t\t\t\t\t\n\t\t\t\t\t\t\t\t<\/span>\n\t\t\t\t\t\t\t\n\t\t\t\t\t\t\t<span role=\"heading\" class=\"bdt-ep-title-text bdt-flex-inline bdt-flex-middle\" >\n\n\t\t\t\t\t\t\t\t\t\t\t\t\t\t\t\tERHARDT K - teljes k\u00f6r\u0171 v\u00e9delem a legkisebb terekhez\t\t\t\t\t\t\t<\/span>\n\n\t\t\t\t\t\t<\/div>\n\t\t\t\t\t\t<div class=\"bdt-ep-accordion-content bdt-accordion-content\">\n\t\t\t\t\t\t\t<p>A napellenz\u0151 ponyva \u00e9s a karok beh\u00fazott \u00e1llapotban t\u00f6k\u00e9letesen z\u00e1rtan helyezkednek el a tokban. 500 x 300 cm-es \u00e9p\u00edt\u00e9si m\u00e9ret\u00e9vel kit\u0171n\u0151 erk\u00e9lyekhez \u00e9s teraszokhoz egyar\u00e1nt. A v\u00e1laszthat\u00f3 kieg\u00e9sz\u00edt\u0151 felszerel\u00e9sekkel pedig &#8211; t\u00e1vir\u00e1ny\u00edt\u00e1s\u00fa r\u00e1di\u00f3motor \u00e9s a tokban l\u00e9v\u0151 szab\u00e1lyozhat\u00f3 LED- vil\u00e1g\u00edt\u00e1s -, megteremtheti saj\u00e1t kellemes atmoszf\u00e9r\u00e1j\u00e1t kedvenc hely\u00e9n.<\/p><p><a href=\"https:\/\/www.homanablak.hu\/files\/2023\/07\/erhardt_k_napellenzo.pdf\" target=\"_blank\" rel=\"noopener\"><strong>\u00a0<\/strong>ERHARDT K napellenz\u0151 term\u00e9kismertet\u0151 &gt;&gt;<\/a><\/p>\t\t\t\t\t\t<\/div>\n\t\t\t\t\t<\/div>\n\t\t\t\t\t\t\t\t\t<div class=\"bdt-ep-accordion-item\">\n\t\t\t\t\t\t<div\t\t\t\t\t\t\tclass=\"bdt-ep-accordion-title bdt-accordion-title bdt-flex bdt-flex-middle bdt-flex-between\" id=\"bdt-ep-accordion-erhardt-kd-nagy-teljestmny-tokozott-napellenz\"\n\t\t\t\t\t\t\tdata-accordion-index=\"4\" data-title=\"erhardt-kd-nagy-teljes-tm-ny-tokozott-napellenz\">\n\n\t\t\t\t\t\t\t\t\t\t\t\t\t\t\t<span class=\"bdt-ep-accordion-icon bdt-flex-align-right\"\n\t\t\t\t\t\t\t\t\taria-hidden=\"true\">\n\n\t\t\t\t\t\t\t\t\t\t\t\t\t\t\t\t\t\t\t<span class=\"bdt-ep-accordion-icon-closed\">\n\t\t\t\t\t\t\t\t\t\t\t<i aria-hidden=\"true\" class=\"fa-fw ti ti-plus\"><\/i>\t\t\t\t\t\t\t\t\t\t<\/span>\n\t\t\t\t\t\t\t\t\t\n\t\t\t\t\t\t\t\t\t\t\t\t\t\t\t\t\t\t\t<span class=\"bdt-ep-accordion-icon-opened\">\n\t\t\t\t\t\t\t\t\t\t\t<i aria-hidden=\"true\" class=\"fa-fw ti ti-minus\"><\/i>\t\t\t\t\t\t\t\t\t\t<\/span>\n\t\t\t\t\t\t\t\t\t\n\t\t\t\t\t\t\t\t<\/span>\n\t\t\t\t\t\t\t\n\t\t\t\t\t\t\t<span role=\"heading\" class=\"bdt-ep-title-text bdt-flex-inline bdt-flex-middle\" >\n\n\t\t\t\t\t\t\t\t\t\t\t\t\t\t\t\tERHARDT KD - nagy teljes\u00edtm\u00e9ny\u0171 tokozott napellenz\u0151\t\t\t\t\t\t\t<\/span>\n\n\t\t\t\t\t\t<\/div>\n\t\t\t\t\t\t<div class=\"bdt-ep-accordion-content bdt-accordion-content\">\n\t\t\t\t\t\t\t<p>Maxim\u00e1lis 700 x 400 cm-es m\u00e9ret\u00e9vel kit\u0171n\u0151 a nagy fel\u00fcletek \u00e1rny\u00e9kol\u00e1s\u00e1hoz, s\u0151t \u00e1rny\u00e9ktoldattal is kaphat\u00f3. Az olyan v\u00e1laszthat\u00f3 kieg\u00e9sz\u00edt\u0151kkel, mint a t\u00e1vir\u00e1ny\u00edt\u00e1s\u00fa r\u00e1di\u00f3motor \u00e9s a tokban l\u00e9v\u0151 szab\u00e1lyozhat\u00f3 LED- vil\u00e1g\u00edt\u00e1s, megteremtheti saj\u00e1t kellemes atmoszf\u00e9r\u00e1j\u00e1t kedvenc hely\u00e9n a Tibelly-kollekci\u00f3 egyik sz\u00f6vet\u00e9vel.<\/p><p><a href=\"https:\/\/www.homanablak.hu\/files\/2023\/07\/erhardt_kd_napellenzo.pdf\" target=\"_blank\" rel=\"noopener\">ERHARDT KD napellenz\u0151 term\u00e9kismertet\u0151 &gt;&gt;<\/a><\/p>\t\t\t\t\t\t<\/div>\n\t\t\t\t\t<\/div>\n\t\t\t\t\t\t\t\t\t<div class=\"bdt-ep-accordion-item\">\n\t\t\t\t\t\t<div\t\t\t\t\t\t\tclass=\"bdt-ep-accordion-title bdt-accordion-title bdt-flex bdt-flex-middle bdt-flex-between\" id=\"bdt-ep-accordion-erhardt-q-a-legnagyobb-knyelem-s-bauhaus-design\"\n\t\t\t\t\t\t\tdata-accordion-index=\"5\" data-title=\"erhardt-q-a-legnagyobb-k-nyelem-s-bauhaus-design\">\n\n\t\t\t\t\t\t\t\t\t\t\t\t\t\t\t<span class=\"bdt-ep-accordion-icon bdt-flex-align-right\"\n\t\t\t\t\t\t\t\t\taria-hidden=\"true\">\n\n\t\t\t\t\t\t\t\t\t\t\t\t\t\t\t\t\t\t\t<span class=\"bdt-ep-accordion-icon-closed\">\n\t\t\t\t\t\t\t\t\t\t\t<i aria-hidden=\"true\" class=\"fa-fw ti ti-plus\"><\/i>\t\t\t\t\t\t\t\t\t\t<\/span>\n\t\t\t\t\t\t\t\t\t\n\t\t\t\t\t\t\t\t\t\t\t\t\t\t\t\t\t\t\t<span class=\"bdt-ep-accordion-icon-opened\">\n\t\t\t\t\t\t\t\t\t\t\t<i aria-hidden=\"true\" class=\"fa-fw ti ti-minus\"><\/i>\t\t\t\t\t\t\t\t\t\t<\/span>\n\t\t\t\t\t\t\t\t\t\n\t\t\t\t\t\t\t\t<\/span>\n\t\t\t\t\t\t\t\n\t\t\t\t\t\t\t<span role=\"heading\" class=\"bdt-ep-title-text bdt-flex-inline bdt-flex-middle\" >\n\n\t\t\t\t\t\t\t\t\t\t\t\t\t\t\t\tERHARDT Q - a legnagyobb k\u00e9nyelem \u00e9s \u201ebauhaus-design\u201d\t\t\t\t\t\t\t<\/span>\n\n\t\t\t\t\t\t<\/div>\n\t\t\t\t\t\t<div class=\"bdt-ep-accordion-content bdt-accordion-content\">\n\t\t\t\t\t\t\t<p>Meg\u0151rzi a modern Bauhaus-design st\u00edlus\u00e1t \u00e9s t\u00f6k\u00e9letesen illeszkedik minden modern \u00e9p\u00edt\u00e9szeti st\u00edlusba. Az ERHARDT Q a leg\u00fajabb m\u00e9rn\u00f6ki tud\u00e1ssal \u00e1tgondolt napellenz\u0151. K\u00fcl\u00f6nleges stabilit\u00e1sa \u00e9s csavar\u00e1si merevs\u00e9ge kiv\u00e1l\u00f3, ez\u00e9rt k\u00fcl\u00f6n\u00f6sen er\u0151s \u00e9s hossz\u00fa \u00e9lettartam\u00fa, a nagyobb fel\u00fcletekhez is megfelel\u0151.<\/p><p><a href=\"https:\/\/www.homanablak.hu\/files\/2023\/07\/erhardt_kd_napellenzo.pdf\" target=\"_blank\" rel=\"noopener\"><strong>\u00a0<\/strong>ERHARDT Q napellenz\u0151 term\u00e9kismertet\u0151 &gt;&gt;<\/a><\/p>\t\t\t\t\t\t<\/div>\n\t\t\t\t\t<\/div>\n\t\t\t\t\t\t\t\t\t<div class=\"bdt-ep-accordion-item\">\n\t\t\t\t\t\t<div\t\t\t\t\t\t\tclass=\"bdt-ep-accordion-title bdt-accordion-title bdt-flex bdt-flex-middle bdt-flex-between\" id=\"bdt-ep-accordion-erhardt-s-nyitott-knykkaros-napellenz\"\n\t\t\t\t\t\t\tdata-accordion-index=\"6\" data-title=\"erhardt-s-nyitott-k-ny-kkaros-napellenz\">\n\n\t\t\t\t\t\t\t\t\t\t\t\t\t\t\t<span class=\"bdt-ep-accordion-icon bdt-flex-align-right\"\n\t\t\t\t\t\t\t\t\taria-hidden=\"true\">\n\n\t\t\t\t\t\t\t\t\t\t\t\t\t\t\t\t\t\t\t<span class=\"bdt-ep-accordion-icon-closed\">\n\t\t\t\t\t\t\t\t\t\t\t<i aria-hidden=\"true\" class=\"fa-fw ti ti-plus\"><\/i>\t\t\t\t\t\t\t\t\t\t<\/span>\n\t\t\t\t\t\t\t\t\t\n\t\t\t\t\t\t\t\t\t\t\t\t\t\t\t\t\t\t\t<span class=\"bdt-ep-accordion-icon-opened\">\n\t\t\t\t\t\t\t\t\t\t\t<i aria-hidden=\"true\" class=\"fa-fw ti ti-minus\"><\/i>\t\t\t\t\t\t\t\t\t\t<\/span>\n\t\t\t\t\t\t\t\t\t\n\t\t\t\t\t\t\t\t<\/span>\n\t\t\t\t\t\t\t\n\t\t\t\t\t\t\t<span role=\"heading\" class=\"bdt-ep-title-text bdt-flex-inline bdt-flex-middle\" >\n\n\t\t\t\t\t\t\t\t\t\t\t\t\t\t\t\tERHARDT S - nyitott k\u00f6ny\u00f6kkaros napellenz\u0151 \t\t\t\t\t\t\t<\/span>\n\n\t\t\t\t\t\t<\/div>\n\t\t\t\t\t\t<div class=\"bdt-ep-accordion-content bdt-accordion-content\">\n\t\t\t\t\t\t\t<p>Ez a nyitott k\u00f6ny\u00f6kkaros napellenz\u0151 egy\u00e1ltal\u00e1n nem ig\u00e9nyel tokot. A meghajt\u00e1s \u00e9s a ponyva teljesen l\u00e1that\u00f3. Professzion\u00e1lis megold\u00e1st jelent v\u00e9dett helyek nap elleni v\u00e9delm\u00e9re. Els\u0151 sorban akkor aj\u00e1nlott, ha a ponyva \u00e9s technol\u00f3gia id\u0151j\u00e1r\u00e1ssal szembeni v\u00e9delm\u00e9t az \u00e9p\u00edt\u00e9szeti adotts\u00e1gok biztos\u00edtj\u00e1k, pl. erk\u00e9ly alatti szerel\u00e9s eset\u00e9n, vagy a tet\u0151zet t\u00falny\u00fal\u00f3 r\u00e9szei alatt.<\/p><p><a href=\"https:\/\/www.homanablak.hu\/files\/2023\/07\/erhardt_s_napellenzo.pdf\" target=\"_blank\" rel=\"noopener\"><strong>\u00a0<\/strong>ERHARDT S napellenz\u0151 term\u00e9kismertet\u0151 &gt;<\/a>&gt;<\/p>\t\t\t\t\t\t<\/div>\n\t\t\t\t\t<\/div>\n\t\t\t\t\t\t\t\t\t<div class=\"bdt-ep-accordion-item\">\n\t\t\t\t\t\t<div\t\t\t\t\t\t\tclass=\"bdt-ep-accordion-title bdt-accordion-title bdt-flex bdt-flex-middle bdt-flex-between\" id=\"bdt-ep-accordion-classic-csuklkaros-napellenz\"\n\t\t\t\t\t\t\tdata-accordion-index=\"7\" data-title=\"classic-csukl-karos-napellenz\">\n\n\t\t\t\t\t\t\t\t\t\t\t\t\t\t\t<span class=\"bdt-ep-accordion-icon bdt-flex-align-right\"\n\t\t\t\t\t\t\t\t\taria-hidden=\"true\">\n\n\t\t\t\t\t\t\t\t\t\t\t\t\t\t\t\t\t\t\t<span class=\"bdt-ep-accordion-icon-closed\">\n\t\t\t\t\t\t\t\t\t\t\t<i aria-hidden=\"true\" class=\"fa-fw ti ti-plus\"><\/i>\t\t\t\t\t\t\t\t\t\t<\/span>\n\t\t\t\t\t\t\t\t\t\n\t\t\t\t\t\t\t\t\t\t\t\t\t\t\t\t\t\t\t<span class=\"bdt-ep-accordion-icon-opened\">\n\t\t\t\t\t\t\t\t\t\t\t<i aria-hidden=\"true\" class=\"fa-fw ti ti-minus\"><\/i>\t\t\t\t\t\t\t\t\t\t<\/span>\n\t\t\t\t\t\t\t\t\t\n\t\t\t\t\t\t\t\t<\/span>\n\t\t\t\t\t\t\t\n\t\t\t\t\t\t\t<span role=\"heading\" class=\"bdt-ep-title-text bdt-flex-inline bdt-flex-middle\" >\n\n\t\t\t\t\t\t\t\t\t\t\t\t\t\t\t\tCLASSIC csukl\u00f3karos napellenz\u0151\t\t\t\t\t\t\t<\/span>\n\n\t\t\t\t\t\t<\/div>\n\t\t\t\t\t\t<div class=\"bdt-ep-accordion-content bdt-accordion-content\">\n\t\t\t\t\t\t\t<p>1988 \u00f3ta az egyik legismertebb \u00e1rny\u00e9kol\u00f3ja lak\u00e1sok, \u00fczletek homlokzat\u00e1nak \u00e9s csal\u00e1di h\u00e1zak, vend\u00e9gl\u0151k terasz\u00e1nak. M\u0171k\u00f6dtethet\u0151 k\u00e9zi hajt\u00f3karral, illetve 230V\/50Hz cs\u0151motorral, amely kapcsol\u00f3val, t\u00e1vir\u00e1ny\u00edt\u00f3val vagy sz\u00e9l- \u00e9s f\u00e9ny\u00e9rz\u00e9kel\u0151vel vez\u00e9relhet\u0151.<\/p><p>F\u00e9mszerkezete k\u00e9sz\u00fclhet nat\u00far kivitelben horganyzott ac\u00e9l profilokkal alap\u00e1ron, illetve t\u00f6bbletk\u00f6lts\u00e9ggel feh\u00e9r vagy sz\u00ednes m\u0171anyag bevonattal is.<\/p><p>Kiny\u00fal\u00e1s: 1,5 \u2013 2 \u2013 2,5 \u2013 3 \u2013 3,5 \u2013 4 m<\/p><p>Max. Sz\u00e9less\u00e9g: 9 m<\/p><p><a href=\"https:\/\/www.homanablak.hu\/files\/2023\/07\/classic_napellenzo.pdf\" target=\"_blank\" rel=\"noopener\">CLASSIC csukl\u00f3karos napellenz\u0151 term\u00e9kismertet\u0151 &gt;&gt;<\/a><\/p>\t\t\t\t\t\t<\/div>\n\t\t\t\t\t<\/div>\n\t\t\t\t\t\t\t\t\t<div class=\"bdt-ep-accordion-item\">\n\t\t\t\t\t\t<div\t\t\t\t\t\t\tclass=\"bdt-ep-accordion-title bdt-accordion-title bdt-flex bdt-flex-middle bdt-flex-between\" id=\"bdt-ep-accordion-delta-csuklkaros-napellenz\"\n\t\t\t\t\t\t\tdata-accordion-index=\"8\" data-title=\"delta-csukl-karos-napellenz\">\n\n\t\t\t\t\t\t\t\t\t\t\t\t\t\t\t<span class=\"bdt-ep-accordion-icon bdt-flex-align-right\"\n\t\t\t\t\t\t\t\t\taria-hidden=\"true\">\n\n\t\t\t\t\t\t\t\t\t\t\t\t\t\t\t\t\t\t\t<span class=\"bdt-ep-accordion-icon-closed\">\n\t\t\t\t\t\t\t\t\t\t\t<i aria-hidden=\"true\" class=\"fa-fw ti ti-plus\"><\/i>\t\t\t\t\t\t\t\t\t\t<\/span>\n\t\t\t\t\t\t\t\t\t\n\t\t\t\t\t\t\t\t\t\t\t\t\t\t\t\t\t\t\t<span class=\"bdt-ep-accordion-icon-opened\">\n\t\t\t\t\t\t\t\t\t\t\t<i aria-hidden=\"true\" class=\"fa-fw ti ti-minus\"><\/i>\t\t\t\t\t\t\t\t\t\t<\/span>\n\t\t\t\t\t\t\t\t\t\n\t\t\t\t\t\t\t\t<\/span>\n\t\t\t\t\t\t\t\n\t\t\t\t\t\t\t<span role=\"heading\" class=\"bdt-ep-title-text bdt-flex-inline bdt-flex-middle\" >\n\n\t\t\t\t\t\t\t\t\t\t\t\t\t\t\t\tDELTA csukl\u00f3karos napellenz\u0151\t\t\t\t\t\t\t<\/span>\n\n\t\t\t\t\t\t<\/div>\n\t\t\t\t\t\t<div class=\"bdt-ep-accordion-content bdt-accordion-content\">\n\t\t\t\t\t\t\t<p>Lak\u00e1sok, \u00fczletek homlokzat\u00e1nak \u00e9s csal\u00e1di h\u00e1zak, vend\u00e9gl\u0151k terasz\u00e1nak leg\u00fajabb fejleszt\u00e9s\u0171 \u00e1rny\u00e9kol\u00f3ja, amelyet sz\u00e9les m\u00e9rettartom\u00e1nyban k\u00edn\u00e1lunk a megrendel\u0151ink ig\u00e9nyei szerint. M\u0171k\u00f6dtethet\u0151 k\u00e9zi hajt\u00f3karral, illetve 230V\/50Hz cs\u0151motorral, amely kapcsol\u00f3val, t\u00e1vir\u00e1ny\u00edt\u00f3val, sz\u00e9l- \u00e9s f\u00e9ny\u00e9rz\u00e9kel\u0151vel vez\u00e9relhet\u0151 A napellenz\u0151 f\u00e9mszerkezete k\u00e9sz\u00fclhet nat\u00far kivitelben horganyzott ac\u00e9lprofilokkal, illetve feh\u00e9r vagy sz\u00ednes porlakkozott profilokkal \u00e9s \u00f6ntv\u00e9nyekkel is.<\/p><p>Kiny\u00fal\u00e1s: 1,5 \u2013 2 \u2013 2,5 \u2013 3 \u2013 3,5 \u2013 4 m<\/p><p>Max. Sz\u00e9less\u00e9g: 9 m<\/p><p><a href=\"https:\/\/www.homanablak.hu\/files\/2023\/07\/delta_napellenzo.pdf\" target=\"_blank\" rel=\"noopener\"><strong>\u00a0<\/strong>DELTA csukl\u00f3karos napellenz\u0151 term\u00e9kismertet\u0151 &gt;&gt;<\/a><\/p>\t\t\t\t\t\t<\/div>\n\t\t\t\t\t<\/div>\n\t\t\t\t\t\t\t<\/div>\n\t\t<\/div>\n\t\t\t\t\t\t<\/div>\n\t\t\t\t<\/div>\n\t\t\t\t<div class=\"elementor-element elementor-element-59b98f7 elementor-widget elementor-widget-heading\" data-id=\"59b98f7\" data-element_type=\"widget\" data-widget_type=\"heading.default\">\n\t\t\t\t<div class=\"elementor-widget-container\">\n\t\t\t\t\t<h4 class=\"elementor-heading-title elementor-size-default\">falra szerelhet\u0151 napellenz\u0151k<\/h4>\t\t\t\t<\/div>\n\t\t\t\t<\/div>\n\t\t\t\t<div class=\"elementor-element elementor-element-5291772 elementor-widget elementor-widget-bdt-accordion\" data-id=\"5291772\" data-element_type=\"widget\" data-widget_type=\"bdt-accordion.default\">\n\t\t\t\t<div class=\"elementor-widget-container\">\n\t\t\t\t\t\t\t<div class=\"bdt-ep-accordion-container\">\n\t\t\t<div id=\"bdt-ep-accordion-5291772\" class=\"bdt-ep-accordion bdt-accordion\" data-bdt-accordion=\"{&quot;collapsible&quot;:true,&quot;multiple&quot;:false,&quot;transition&quot;:&quot;ease-in-out&quot;}\" \t\tdata-settings=\"{&quot;id&quot;:&quot;bdt-ep-accordion-5291772&quot;,&quot;activeHash&quot;:&quot;no&quot;,&quot;activeScrollspy&quot;:null,&quot;hashTopOffset&quot;:false,&quot;hashScrollspyTime&quot;:false,&quot;closeAllItemsOnMobile&quot;:false}\">\n\t\t\t\t\t\t\t\t\t<div class=\"bdt-ep-accordion-item\">\n\t\t\t\t\t\t<div\t\t\t\t\t\t\tclass=\"bdt-ep-accordion-title bdt-accordion-title bdt-flex bdt-flex-middle bdt-flex-between\" id=\"bdt-ep-accordion-erhardt-v-tkletes-vdelem-nap-s-szomszdok-ellen\"\n\t\t\t\t\t\t\tdata-accordion-index=\"0\" data-title=\"erhardt-v-t-k-letes-v-delem-nap-s-szomsz-dok-ellen\">\n\n\t\t\t\t\t\t\t\t\t\t\t\t\t\t\t<span class=\"bdt-ep-accordion-icon bdt-flex-align-right\"\n\t\t\t\t\t\t\t\t\taria-hidden=\"true\">\n\n\t\t\t\t\t\t\t\t\t\t\t\t\t\t\t\t\t\t\t<span class=\"bdt-ep-accordion-icon-closed\">\n\t\t\t\t\t\t\t\t\t\t\t<i aria-hidden=\"true\" class=\"fa-fw ti ti-plus\"><\/i>\t\t\t\t\t\t\t\t\t\t<\/span>\n\t\t\t\t\t\t\t\t\t\n\t\t\t\t\t\t\t\t\t\t\t\t\t\t\t\t\t\t\t<span class=\"bdt-ep-accordion-icon-opened\">\n\t\t\t\t\t\t\t\t\t\t\t<i aria-hidden=\"true\" class=\"fa-fw ti ti-minus\"><\/i>\t\t\t\t\t\t\t\t\t\t<\/span>\n\t\t\t\t\t\t\t\t\t\n\t\t\t\t\t\t\t\t<\/span>\n\t\t\t\t\t\t\t\n\t\t\t\t\t\t\t<span role=\"heading\" class=\"bdt-ep-title-text bdt-flex-inline bdt-flex-middle\" >\n\n\t\t\t\t\t\t\t\t\t\t\t\t\t\t\t\tERHARDT V - t\u00f6k\u00e9letes v\u00e9delem nap \u00e9s szomsz\u00e9dok ellen\t\t\t\t\t\t\t<\/span>\n\n\t\t\t\t\t\t<\/div>\n\t\t\t\t\t\t<div class=\"bdt-ep-accordion-content bdt-accordion-content\">\n\t\t\t\t\t\t\t<p>T\u00f6k\u00e9letes megold\u00e1s \u00fcvegfalak, ablakok, ajt\u00f3k \u00e1rny\u00e9kol\u00e1s\u00e1hoz. V\u00e9delmet biztos\u00edt nem csak a nap, hanem bel\u00e1t\u00e1s ellen is. Az extrud\u00e1lt alum\u00edniumb\u00f3l k\u00e9sz\u00fclt tokban visszah\u00fazott \u00e1llapotban a ponyva teljes m\u00e9rt\u00e9kben v\u00e9dve van az id\u0151j\u00e1r\u00e1s ellen.<\/p><p><a href=\"https:\/\/www.homanablak.hu\/files\/2023\/07\/erhardt_v_napellenzo.pdf\" target=\"_blank\" rel=\"noopener\">ERHARDT V napellenz\u0151 term\u00e9kismertet\u0151 &gt;&gt;<\/a><\/p>\t\t\t\t\t\t<\/div>\n\t\t\t\t\t<\/div>\n\t\t\t\t\t\t\t\t\t<div class=\"bdt-ep-accordion-item\">\n\t\t\t\t\t\t<div\t\t\t\t\t\t\tclass=\"bdt-ep-accordion-title bdt-accordion-title bdt-flex bdt-flex-middle bdt-flex-between\" id=\"bdt-ep-accordion-erhardt-wsw-tkletes-oldalrnykol\"\n\t\t\t\t\t\t\tdata-accordion-index=\"1\" data-title=\"erhardt-wsw-t-k-letes-oldal-rny-kol\">\n\n\t\t\t\t\t\t\t\t\t\t\t\t\t\t\t<span class=\"bdt-ep-accordion-icon bdt-flex-align-right\"\n\t\t\t\t\t\t\t\t\taria-hidden=\"true\">\n\n\t\t\t\t\t\t\t\t\t\t\t\t\t\t\t\t\t\t\t<span class=\"bdt-ep-accordion-icon-closed\">\n\t\t\t\t\t\t\t\t\t\t\t<i aria-hidden=\"true\" class=\"fa-fw ti ti-plus\"><\/i>\t\t\t\t\t\t\t\t\t\t<\/span>\n\t\t\t\t\t\t\t\t\t\n\t\t\t\t\t\t\t\t\t\t\t\t\t\t\t\t\t\t\t<span class=\"bdt-ep-accordion-icon-opened\">\n\t\t\t\t\t\t\t\t\t\t\t<i aria-hidden=\"true\" class=\"fa-fw ti ti-minus\"><\/i>\t\t\t\t\t\t\t\t\t\t<\/span>\n\t\t\t\t\t\t\t\t\t\n\t\t\t\t\t\t\t\t<\/span>\n\t\t\t\t\t\t\t\n\t\t\t\t\t\t\t<span role=\"heading\" class=\"bdt-ep-title-text bdt-flex-inline bdt-flex-middle\" >\n\n\t\t\t\t\t\t\t\t\t\t\t\t\t\t\t\tERHARDT WSW - t\u00f6k\u00e9letes oldal\u00e1rny\u00e9kol\u00f3 \t\t\t\t\t\t\t<\/span>\n\n\t\t\t\t\t\t<\/div>\n\t\t\t\t\t\t<div class=\"bdt-ep-accordion-content bdt-accordion-content\">\n\t\t\t\t\t\t\t<p>Az ERHARDT WSW oldal\u00e1rny\u00e9kol\u00f3 t\u00f6bb m\u00f3don is felszerelhet\u0151. Van lehet\u0151s\u00e9g a tokot falhoz, valamint f\u00f6ldbe s\u00fcllyesztett cs\u0151vel vagy f\u00f6ldre szerelt tart\u00f3val r\u00f6gz\u00edteni, de t\u00e9len ak\u00e1r teljesen elt\u00e1vol\u00edthat\u00f3. Az ERHARDT WSW ezen k\u00edv\u00fcl r\u00f6gz\u00edthet\u0151 megl\u00e9v\u0151 oszlopokhoz, ker\u00edt\u00e9selemhez vagy falhoz is.<\/p><p><a href=\"https:\/\/www.homanablak.hu\/files\/2023\/07\/erhardt_wsw_napellenzo.pdf\" target=\"_blank\" rel=\"noopener\">ERHARDT WSW napellenz\u0151 term\u00e9kismertet\u0151 &gt;&gt;<\/a><\/p>\t\t\t\t\t\t<\/div>\n\t\t\t\t\t<\/div>\n\t\t\t\t\t\t\t\t\t<div class=\"bdt-ep-accordion-item\">\n\t\t\t\t\t\t<div\t\t\t\t\t\t\tclass=\"bdt-ep-accordion-title bdt-accordion-title bdt-flex bdt-flex-middle bdt-flex-between\" id=\"bdt-ep-accordion-erhardt-z-a-sokoldal-felhasznls\"\n\t\t\t\t\t\t\tdata-accordion-index=\"2\" data-title=\"erhardt-z-a-sokoldal-felhaszn-l-s\">\n\n\t\t\t\t\t\t\t\t\t\t\t\t\t\t\t<span class=\"bdt-ep-accordion-icon bdt-flex-align-right\"\n\t\t\t\t\t\t\t\t\taria-hidden=\"true\">\n\n\t\t\t\t\t\t\t\t\t\t\t\t\t\t\t\t\t\t\t<span class=\"bdt-ep-accordion-icon-closed\">\n\t\t\t\t\t\t\t\t\t\t\t<i aria-hidden=\"true\" class=\"fa-fw ti ti-plus\"><\/i>\t\t\t\t\t\t\t\t\t\t<\/span>\n\t\t\t\t\t\t\t\t\t\n\t\t\t\t\t\t\t\t\t\t\t\t\t\t\t\t\t\t\t<span class=\"bdt-ep-accordion-icon-opened\">\n\t\t\t\t\t\t\t\t\t\t\t<i aria-hidden=\"true\" class=\"fa-fw ti ti-minus\"><\/i>\t\t\t\t\t\t\t\t\t\t<\/span>\n\t\t\t\t\t\t\t\t\t\n\t\t\t\t\t\t\t\t<\/span>\n\t\t\t\t\t\t\t\n\t\t\t\t\t\t\t<span role=\"heading\" class=\"bdt-ep-title-text bdt-flex-inline bdt-flex-middle\" >\n\n\t\t\t\t\t\t\t\t\t\t\t\t\t\t\t\tERHARDT Z - a sokoldal\u00fa felhaszn\u00e1l\u00e1s\t\t\t\t\t\t\t<\/span>\n\n\t\t\t\t\t\t<\/div>\n\t\t\t\t\t\t<div class=\"bdt-ep-accordion-content bdt-accordion-content\">\n\t\t\t\t\t\t\t<p>A napellenz\u0151 sz\u00f6vet \u00e9s a vezet\u0151s\u00edn k\u00f6z\u00f6tt nincs f\u00e9nyr\u00e9s, ami z\u00e1rt, dekorat\u00edv megjelen\u00e9st biztos\u00edt. Ez az innovat\u00edv technol\u00f3gia jelent\u0151sen megn\u00f6velt sz\u00e9lstabilit\u00e1st eredm\u00e9nyez. Az ERHARDT T100, T150 vagy T INTEGRAL terasz tet\u0151vel kombin\u00e1lva t\u00f6k\u00e9letes v\u00e9delmet ny\u00fajt.<\/p><p><a href=\"https:\/\/www.homanablak.hu\/files\/2023\/07\/erhardt_z_napellenzo.pdf\" target=\"_blank\" rel=\"noopener\">ERHARDT Z napellenz\u0151 term\u00e9kismertet\u0151 &gt;&gt;<\/a><\/p>\t\t\t\t\t\t<\/div>\n\t\t\t\t\t<\/div>\n\t\t\t\t\t\t\t<\/div>\n\t\t<\/div>\n\t\t\t\t\t\t<\/div>\n\t\t\t\t<\/div>\n\t\t\t\t<div class=\"elementor-element elementor-element-4ef62e0 elementor-widget elementor-widget-heading\" data-id=\"4ef62e0\" data-element_type=\"widget\" data-widget_type=\"heading.default\">\n\t\t\t\t<div class=\"elementor-widget-container\">\n\t\t\t\t\t<h4 class=\"elementor-heading-title elementor-size-default\">t\u00e9likert \u00e1rny\u00e9kol\u00f3k <\/h4>\t\t\t\t<\/div>\n\t\t\t\t<\/div>\n\t\t\t\t<div class=\"elementor-element elementor-element-2c7131a elementor-widget elementor-widget-bdt-accordion\" data-id=\"2c7131a\" data-element_type=\"widget\" data-widget_type=\"bdt-accordion.default\">\n\t\t\t\t<div class=\"elementor-widget-container\">\n\t\t\t\t\t\t\t<div class=\"bdt-ep-accordion-container\">\n\t\t\t<div id=\"bdt-ep-accordion-2c7131a\" class=\"bdt-ep-accordion bdt-accordion\" data-bdt-accordion=\"{&quot;collapsible&quot;:true,&quot;multiple&quot;:false,&quot;transition&quot;:&quot;ease-in-out&quot;}\" \t\tdata-settings=\"{&quot;id&quot;:&quot;bdt-ep-accordion-2c7131a&quot;,&quot;activeHash&quot;:&quot;no&quot;,&quot;activeScrollspy&quot;:null,&quot;hashTopOffset&quot;:false,&quot;hashScrollspyTime&quot;:false,&quot;closeAllItemsOnMobile&quot;:false}\">\n\t\t\t\t\t\t\t\t\t<div class=\"bdt-ep-accordion-item\">\n\t\t\t\t\t\t<div\t\t\t\t\t\t\tclass=\"bdt-ep-accordion-title bdt-accordion-title bdt-flex bdt-flex-middle bdt-flex-between\" id=\"bdt-ep-accordion-erhardt-tm-tetre-s-tet-al-szerelhet-megoldsok\"\n\t\t\t\t\t\t\tdata-accordion-index=\"0\" data-title=\"erhardt-tm-tet-re-s-tet-al-szerelhet-megold-sok\">\n\n\t\t\t\t\t\t\t\t\t\t\t\t\t\t\t<span class=\"bdt-ep-accordion-icon bdt-flex-align-right\"\n\t\t\t\t\t\t\t\t\taria-hidden=\"true\">\n\n\t\t\t\t\t\t\t\t\t\t\t\t\t\t\t\t\t\t\t<span class=\"bdt-ep-accordion-icon-closed\">\n\t\t\t\t\t\t\t\t\t\t\t<i aria-hidden=\"true\" class=\"fa-fw ti ti-plus\"><\/i>\t\t\t\t\t\t\t\t\t\t<\/span>\n\t\t\t\t\t\t\t\t\t\n\t\t\t\t\t\t\t\t\t\t\t\t\t\t\t\t\t\t\t<span class=\"bdt-ep-accordion-icon-opened\">\n\t\t\t\t\t\t\t\t\t\t\t<i aria-hidden=\"true\" class=\"fa-fw ti ti-minus\"><\/i>\t\t\t\t\t\t\t\t\t\t<\/span>\n\t\t\t\t\t\t\t\t\t\n\t\t\t\t\t\t\t\t<\/span>\n\t\t\t\t\t\t\t\n\t\t\t\t\t\t\t<span role=\"heading\" class=\"bdt-ep-title-text bdt-flex-inline bdt-flex-middle\" >\n\n\t\t\t\t\t\t\t\t\t\t\t\t\t\t\t\tERHARDT TM - tet\u0151re \u00e9s tet\u0151 al\u00e1 szerelhet\u0151 megold\u00e1sok\t\t\t\t\t\t\t<\/span>\n\n\t\t\t\t\t\t<\/div>\n\t\t\t\t\t\t<div class=\"bdt-ep-accordion-content bdt-accordion-content\">\n\t\t\t\t\t\t\t<p>A textil Zip-funkci\u00f3ja \u00e9s az oldals\u00f3 megvezet\u0151 s\u00ednek gondoskodnak a teljes \u00e1rny\u00e9kol\u00e1sr\u00f3l \u00e9s a sz\u00f6vet feszess\u00e9g\u00e9r\u0151l. Kompakt napellenz\u0151k\u00e9nt k\u00fcl\u00f6n\u00f6sen alkalmas terasztet\u0151kre \u00e9s t\u00e9likertekre, s\u0151t tet\u0151 alatti \u00e9s tet\u0151 feletti szerel\u00e9shez is. Tov\u00e1bb\u00e1 kieg\u00e9sz\u00edt\u0151k sz\u00e9les v\u00e1laszt\u00e9ka \u00e1ll rendelkez\u00e9sre: LED vil\u00e1g\u00edt\u00e1s, infra f\u0171t\u00e9s, r\u00e1di\u00f3motor, sz\u00e9l-, f\u00e9ny- \u00e9s es\u0151\u00e9rz\u00e9kel\u0151.<\/p><p><a href=\"https:\/\/www.homanablak.hu\/files\/2023\/07\/ERHARDT_telikert_arnyekolok.pdf\" target=\"_blank\" rel=\"noopener\">ERHARDT T\u00c9LIKERT \u00c1RNY\u00c9KOL\u00d3K LET\u00d6LTHET\u0150 KATAL\u00d3GUS (3db) &gt;&gt;<\/a><\/p><p>\u00a0<\/p>\t\t\t\t\t\t<\/div>\n\t\t\t\t\t<\/div>\n\t\t\t\t\t\t\t\t\t<div class=\"bdt-ep-accordion-item\">\n\t\t\t\t\t\t<div\t\t\t\t\t\t\tclass=\"bdt-ep-accordion-title bdt-accordion-title bdt-flex bdt-flex-middle bdt-flex-between\" id=\"bdt-ep-accordion-erhardt-hs-megolds-minden-tethz\"\n\t\t\t\t\t\t\tdata-accordion-index=\"1\" data-title=\"erhardt-hs-megold-s-minden-tet-h-z\">\n\n\t\t\t\t\t\t\t\t\t\t\t\t\t\t\t<span class=\"bdt-ep-accordion-icon bdt-flex-align-right\"\n\t\t\t\t\t\t\t\t\taria-hidden=\"true\">\n\n\t\t\t\t\t\t\t\t\t\t\t\t\t\t\t\t\t\t\t<span class=\"bdt-ep-accordion-icon-closed\">\n\t\t\t\t\t\t\t\t\t\t\t<i aria-hidden=\"true\" class=\"fa-fw ti ti-plus\"><\/i>\t\t\t\t\t\t\t\t\t\t<\/span>\n\t\t\t\t\t\t\t\t\t\n\t\t\t\t\t\t\t\t\t\t\t\t\t\t\t\t\t\t\t<span class=\"bdt-ep-accordion-icon-opened\">\n\t\t\t\t\t\t\t\t\t\t\t<i aria-hidden=\"true\" class=\"fa-fw ti ti-minus\"><\/i>\t\t\t\t\t\t\t\t\t\t<\/span>\n\t\t\t\t\t\t\t\t\t\n\t\t\t\t\t\t\t\t<\/span>\n\t\t\t\t\t\t\t\n\t\t\t\t\t\t\t<span role=\"heading\" class=\"bdt-ep-title-text bdt-flex-inline bdt-flex-middle\" >\n\n\t\t\t\t\t\t\t\t\t\t\t\t\t\t\t\tERHARDT HS - megold\u00e1s minden tet\u0151h\u00f6z\t\t\t\t\t\t\t<\/span>\n\n\t\t\t\t\t\t<\/div>\n\t\t\t\t\t\t<div class=\"bdt-ep-accordion-content bdt-accordion-content\">\n\t\t\t\t\t\t\t<p>Egyedileg tervezhet\u0151, tet\u0151 al\u00e1 vagy f\u00f6l\u00e9 szerelhet\u0151 \u00e1rny\u00e9kol\u00f3. K\u00fcl\u00f6nlegess\u00e9ge a rugalmas r\u00f6gz\u00edt\u00e9si lehet\u0151s\u00e9g, \u00edgy alkalmas tet\u0151ablakok \u00e1rny\u00e9kol\u00e1s\u00e1ra is. A modern napellenz\u0151 textil nem csak \u00e1rny\u00e9kot biztos\u00edt, de a sz\u00e9les sz\u00ednv\u00e1laszt\u00e9ka ide\u00e1lis hangulatot teremt otthon\u00e1ban \u00e9s egy gombnyom\u00e1ssal szab\u00e1lyozhat\u00f3.<\/p><p><a href=\"https:\/\/www.homanablak.hu\/files\/2023\/07\/ERHARDT_telikert_arnyekolok.pdf\" target=\"_blank\" rel=\"noopener\">ERHARDT T\u00c9LIKERT \u00c1RNY\u00c9KOL\u00d3K LET\u00d6LTHET\u0150 KATAL\u00d3GUS (3db) &gt;&gt;<\/a><\/p>\t\t\t\t\t\t<\/div>\n\t\t\t\t\t<\/div>\n\t\t\t\t\t\t\t\t\t<div class=\"bdt-ep-accordion-item\">\n\t\t\t\t\t\t<div\t\t\t\t\t\t\tclass=\"bdt-ep-accordion-title bdt-accordion-title bdt-flex bdt-flex-middle bdt-flex-between\" id=\"bdt-ep-accordion-erhardt-wg-egyedi-specilis-megoldsokhoz\"\n\t\t\t\t\t\t\tdata-accordion-index=\"2\" data-title=\"erhardt-wg-egyedi-speci-lis-megold-sokhoz\">\n\n\t\t\t\t\t\t\t\t\t\t\t\t\t\t\t<span class=\"bdt-ep-accordion-icon bdt-flex-align-right\"\n\t\t\t\t\t\t\t\t\taria-hidden=\"true\">\n\n\t\t\t\t\t\t\t\t\t\t\t\t\t\t\t\t\t\t\t<span class=\"bdt-ep-accordion-icon-closed\">\n\t\t\t\t\t\t\t\t\t\t\t<i aria-hidden=\"true\" class=\"fa-fw ti ti-plus\"><\/i>\t\t\t\t\t\t\t\t\t\t<\/span>\n\t\t\t\t\t\t\t\t\t\n\t\t\t\t\t\t\t\t\t\t\t\t\t\t\t\t\t\t\t<span class=\"bdt-ep-accordion-icon-opened\">\n\t\t\t\t\t\t\t\t\t\t\t<i aria-hidden=\"true\" class=\"fa-fw ti ti-minus\"><\/i>\t\t\t\t\t\t\t\t\t\t<\/span>\n\t\t\t\t\t\t\t\t\t\n\t\t\t\t\t\t\t\t<\/span>\n\t\t\t\t\t\t\t\n\t\t\t\t\t\t\t<span role=\"heading\" class=\"bdt-ep-title-text bdt-flex-inline bdt-flex-middle\" >\n\n\t\t\t\t\t\t\t\t\t\t\t\t\t\t\t\tERHARDT WG - egyedi, speci\u00e1lis megold\u00e1sokhoz\t\t\t\t\t\t\t<\/span>\n\n\t\t\t\t\t\t<\/div>\n\t\t\t\t\t\t<div class=\"bdt-ep-accordion-content bdt-accordion-content\">\n\t\t\t\t\t\t\t<p>Lefut\u00f3 s\u00ednjeinek kialak\u00edt\u00e1sa miatt ide\u00e1lis a speci\u00e1lis \u00e9s egyedi \u00e1rny\u00e9kol\u00e1si megold\u00e1sokhoz. Ezzel a technol\u00f3gi\u00e1val nem csak egy el\u0151re t\u00falny\u00fal\u00f3 \u00e1rny\u00e9kol\u00f3 val\u00f3s\u00edthat\u00f3 meg. Lehet\u0151s\u00e9get ny\u00fajt a tet\u0151fel\u00fclet optim\u00e1lis \u00e1rny\u00e9kol\u00e1s\u00e1\u00e9rt oldalra is t\u00falfuttatni. \u00cdgy az egyedi alaprajz\u00fa tet\u0151ket is k\u00f6nnyed\u00e9n lehet \u00e1rny\u00e9kolni<\/p><p><a href=\"https:\/\/www.homanablak.hu\/files\/2023\/07\/erhardt_z_napellenzo.pdf\" target=\"_blank\" rel=\"noopener\">ERHARDT Z napellenz\u0151 term\u00e9kismertet\u0151 &gt;&gt;<\/a><\/p>\t\t\t\t\t\t<\/div>\n\t\t\t\t\t<\/div>\n\t\t\t\t\t\t\t<\/div>\n\t\t<\/div>\n\t\t\t\t\t\t<\/div>\n\t\t\t\t<\/div>\n\t\t\t\t<div class=\"elementor-element elementor-element-2453229 elementor-widget elementor-widget-heading\" data-id=\"2453229\" data-element_type=\"widget\" data-widget_type=\"heading.default\">\n\t\t\t\t<div class=\"elementor-widget-container\">\n\t\t\t\t\t<h4 class=\"elementor-heading-title elementor-size-default\">Napvitorl\u00e1k<\/h4>\t\t\t\t<\/div>\n\t\t\t\t<\/div>\n\t\t\t\t<div class=\"elementor-element elementor-element-4a7355e elementor-widget elementor-widget-text-editor\" data-id=\"4a7355e\" data-element_type=\"widget\" data-widget_type=\"text-editor.default\">\n\t\t\t\t<div class=\"elementor-widget-container\">\n\t\t\t\t\t\t\t\t\t<p>A napvitorla &#8211; a nap j\u00e1r\u00e1sa szerint c\u00e9lszer\u0171en elhelyezett-, a t\u0171z\u0151 napsugarakt\u00f3l \u00e9s az UV-sugarakt\u00f3l v\u00e9d\u0151, a sarokpontokban megfesz\u00edtett, \u00e1ll\u00edthat\u00f3 vagy kitekerhet\u0151 textil\u00e1rny\u00e9kol\u00f3.<\/p><p>Terhelhet\u0151s\u00e9g\u00e9t a sarokpontokban elhelyezett korr\u00f3zi\u00f3\u00e1ll\u00f3 ac\u00e9lkarik\u00e1k \u00e9s a homor\u00fa \u00edvekbe varrt hevederszalagok biztos\u00edtj\u00e1k. M\u00e1rciust\u00f3l eg\u00e9szen okt\u00f3berig haszn\u00e1lhat\u00f3k, mivel az \u00f3nos es\u0151, j\u00e9g \u00e9s h\u00f3 k\u00e1rt okoz benne. Fix, \u00e1ll\u00edthat\u00f3 \u00e9s kitekerhet\u0151 v\u00e1ltozatban is kaphat\u00f3k.<\/p>\t\t\t\t\t\t\t\t<\/div>\n\t\t\t\t<\/div>\n\t\t\t\t<div class=\"elementor-element elementor-element-272787e elementor-widget elementor-widget-heading\" data-id=\"272787e\" data-element_type=\"widget\" data-widget_type=\"heading.default\">\n\t\t\t\t<div class=\"elementor-widget-container\">\n\t\t\t\t\t<h6 class=\"elementor-heading-title elementor-size-default\">R\u00f6gz\u00edthet\u0151 sarkain textilfesz\u00edt\u0151kkel \u00e9s hevederekkel:<\/h6>\t\t\t\t<\/div>\n\t\t\t\t<\/div>\n\t\t\t\t<div class=\"elementor-element elementor-element-5cd7780 elementor-icon-list--layout-traditional elementor-list-item-link-full_width elementor-widget elementor-widget-icon-list\" data-id=\"5cd7780\" data-element_type=\"widget\" data-widget_type=\"icon-list.default\">\n\t\t\t\t<div class=\"elementor-widget-container\">\n\t\t\t\t\t\t\t<ul class=\"elementor-icon-list-items\">\n\t\t\t\t\t\t\t<li class=\"elementor-icon-list-item\">\n\t\t\t\t\t\t\t\t\t\t\t<span class=\"elementor-icon-list-icon\">\n\t\t\t\t\t\t\t<i aria-hidden=\"true\" class=\"fas fa-check\"><\/i>\t\t\t\t\t\t<\/span>\n\t\t\t\t\t\t\t\t\t\t<span class=\"elementor-icon-list-text\">\u00e9p\u00fcletek homlokzat\u00e1hoz <\/span>\n\t\t\t\t\t\t\t\t\t<\/li>\n\t\t\t\t\t\t\t\t<li class=\"elementor-icon-list-item\">\n\t\t\t\t\t\t\t\t\t\t\t<span class=\"elementor-icon-list-icon\">\n\t\t\t\t\t\t\t<i aria-hidden=\"true\" class=\"fas fa-check\"><\/i>\t\t\t\t\t\t<\/span>\n\t\t\t\t\t\t\t\t\t\t<span class=\"elementor-icon-list-text\">tet\u0151gerend\u00e1khoz<\/span>\n\t\t\t\t\t\t\t\t\t<\/li>\n\t\t\t\t\t\t\t\t<li class=\"elementor-icon-list-item\">\n\t\t\t\t\t\t\t\t\t\t\t<span class=\"elementor-icon-list-icon\">\n\t\t\t\t\t\t\t<i aria-hidden=\"true\" class=\"fas fa-check\"><\/i>\t\t\t\t\t\t<\/span>\n\t\t\t\t\t\t\t\t\t\t<span class=\"elementor-icon-list-text\">szaruf\u00e1khoz<\/span>\n\t\t\t\t\t\t\t\t\t<\/li>\n\t\t\t\t\t\t\t\t<li class=\"elementor-icon-list-item\">\n\t\t\t\t\t\t\t\t\t\t\t<span class=\"elementor-icon-list-icon\">\n\t\t\t\t\t\t\t<i aria-hidden=\"true\" class=\"fas fa-check\"><\/i>\t\t\t\t\t\t<\/span>\n\t\t\t\t\t\t\t\t\t\t<span class=\"elementor-icon-list-text\">faszerkezetekhez<\/span>\n\t\t\t\t\t\t\t\t\t<\/li>\n\t\t\t\t\t\t\t\t<li class=\"elementor-icon-list-item\">\n\t\t\t\t\t\t\t\t\t\t\t<span class=\"elementor-icon-list-icon\">\n\t\t\t\t\t\t\t<i aria-hidden=\"true\" class=\"fas fa-check\"><\/i>\t\t\t\t\t\t<\/span>\n\t\t\t\t\t\t\t\t\t\t<span class=\"elementor-icon-list-text\">ker\u00edt\u00e9soszlopokhoz<\/span>\n\t\t\t\t\t\t\t\t\t<\/li>\n\t\t\t\t\t\t\t\t<li class=\"elementor-icon-list-item\">\n\t\t\t\t\t\t\t\t\t\t\t<span class=\"elementor-icon-list-icon\">\n\t\t\t\t\t\t\t<i aria-hidden=\"true\" class=\"fas fa-check\"><\/i>\t\t\t\t\t\t<\/span>\n\t\t\t\t\t\t\t\t\t\t<span class=\"elementor-icon-list-text\">pergol\u00e1khoz<\/span>\n\t\t\t\t\t\t\t\t\t<\/li>\n\t\t\t\t\t\t\t\t<li class=\"elementor-icon-list-item\">\n\t\t\t\t\t\t\t\t\t\t\t<span class=\"elementor-icon-list-icon\">\n\t\t\t\t\t\t\t<i aria-hidden=\"true\" class=\"fas fa-check\"><\/i>\t\t\t\t\t\t<\/span>\n\t\t\t\t\t\t\t\t\t\t<span class=\"elementor-icon-list-text\">lugasokhoz<\/span>\n\t\t\t\t\t\t\t\t\t<\/li>\n\t\t\t\t\t\t\t\t<li class=\"elementor-icon-list-item\">\n\t\t\t\t\t\t\t\t\t\t\t<span class=\"elementor-icon-list-icon\">\n\t\t\t\t\t\t\t<i aria-hidden=\"true\" class=\"fas fa-check\"><\/i>\t\t\t\t\t\t<\/span>\n\t\t\t\t\t\t\t\t\t\t<span class=\"elementor-icon-list-text\">f\u00e1b\u00f3l vagy f\u00e9mb\u0151l k\u00e9sz\u00fclt oszlopokhoz<\/span>\n\t\t\t\t\t\t\t\t\t<\/li>\n\t\t\t\t\t\t\t\t<li class=\"elementor-icon-list-item\">\n\t\t\t\t\t\t\t\t\t\t\t<span class=\"elementor-icon-list-icon\">\n\t\t\t\t\t\t\t<i aria-hidden=\"true\" class=\"fas fa-check\"><\/i>\t\t\t\t\t\t<\/span>\n\t\t\t\t\t\t\t\t\t\t<span class=\"elementor-icon-list-text\">egyedi konzolokhoz <\/span>\n\t\t\t\t\t\t\t\t\t<\/li>\n\t\t\t\t\t\t<\/ul>\n\t\t\t\t\t\t<\/div>\n\t\t\t\t<\/div>\n\t\t\t\t<section class=\"elementor-section elementor-inner-section elementor-element elementor-element-4d87feb elementor-section-boxed elementor-section-height-default elementor-section-height-default\" data-id=\"4d87feb\" data-element_type=\"section\" data-settings=\"{&quot;background_background&quot;:&quot;classic&quot;}\">\n\t\t\t\t\t\t<div class=\"elementor-container elementor-column-gap-default\">\n\t\t\t\t\t<div class=\"elementor-column elementor-col-50 elementor-inner-column elementor-element elementor-element-a514a83\" data-id=\"a514a83\" data-element_type=\"column\">\n\t\t\t<div class=\"elementor-widget-wrap elementor-element-populated\">\n\t\t\t\t\t\t<div class=\"elementor-element elementor-element-e2aa4c1 elementor-align-right animated-fast elementor-mobile-align-left elementor-tablet-align-left elementor-invisible elementor-widget elementor-widget-button\" data-id=\"e2aa4c1\" data-element_type=\"widget\" data-settings=\"{&quot;_animation&quot;:&quot;fadeInUp&quot;,&quot;_animation_delay&quot;:400}\" data-widget_type=\"button.default\">\n\t\t\t\t<div class=\"elementor-widget-container\">\n\t\t\t\t\t\t\t\t\t<div class=\"elementor-button-wrapper\">\n\t\t\t\t\t<a class=\"elementor-button elementor-button-link elementor-size-sm\" href=\"https:\/\/www.homanablak.hu\/files\/2023\/07\/napvitorla_termekismerteto.pdf\" target=\"_blank\">\n\t\t\t\t\t\t<span class=\"elementor-button-content-wrapper\">\n\t\t\t\t\t\t<span class=\"elementor-button-icon\">\n\t\t\t\t<i aria-hidden=\"true\" class=\"ti ti-book\"><\/i>\t\t\t<\/span>\n\t\t\t\t\t\t\t\t\t<span class=\"elementor-button-text\">Pregled<\/span>\n\t\t\t\t\t<\/span>\n\t\t\t\t\t<\/a>\n\t\t\t\t<\/div>\n\t\t\t\t\t\t\t\t<\/div>\n\t\t\t\t<\/div>\n\t\t\t\t\t<\/div>\n\t\t<\/div>\n\t\t\t\t<div class=\"elementor-column elementor-col-50 elementor-inner-column elementor-element elementor-element-7641b46\" data-id=\"7641b46\" data-element_type=\"column\">\n\t\t\t<div class=\"elementor-widget-wrap elementor-element-populated\">\n\t\t\t\t\t\t<div class=\"elementor-element elementor-element-88e65e3 elementor-widget elementor-widget-text-editor\" data-id=\"88e65e3\" data-element_type=\"widget\" data-widget_type=\"text-editor.default\">\n\t\t\t\t<div class=\"elementor-widget-container\">\n\t\t\t\t\t\t\t\t\t<p>Term\u00e9kismertet\u0151:<\/p>\t\t\t\t\t\t\t\t<\/div>\n\t\t\t\t<\/div>\n\t\t\t\t\t<\/div>\n\t\t<\/div>\n\t\t\t\t\t<\/div>\n\t\t<\/section>\n\t\t\t\t\t<\/div>\n\t\t<\/div>\n\t\t\t\t\t<\/div>\n\t\t<\/section>\n\t\t\t\t<\/div>","protected":false},"excerpt":{"rendered":"<p>A napellenz\u0151 az egyik legjobb m\u00f3dja annak, hogy olcs\u00f3n, st\u00edlusosan \u00e9s egyben hat\u00e1sosan \u00e1rny\u00e9koljunk egy nagyobb fel\u00fclet\u0171 erk\u00e9lyt, ki\u00fcl\u0151t vagy teraszt. C\u00e9g\u00fcnk\u00f6n kereszt\u00fcl a napellenz\u0151k sz\u00e1mos t\u00edpusa el\u00e9rhet\u0151.<\/p>","protected":false},"author":1,"featured_media":0,"comment_status":"closed","ping_status":"closed","sticky":false,"template":"","format":"standard","meta":{"_seopress_robots_primary_cat":"","_seopress_titles_title":"","_seopress_titles_desc":"","_seopress_robots_index":"","footnotes":""},"categories":[18],"tags":[],"class_list":["post-281","post","type-post","status-publish","format-standard","hentry","category-napellenzok"],"_links":{"self":[{"href":"https:\/\/www.homanablak.hu\/hr\/wp-json\/wp\/v2\/posts\/281","targetHints":{"allow":["GET"]}}],"collection":[{"href":"https:\/\/www.homanablak.hu\/hr\/wp-json\/wp\/v2\/posts"}],"about":[{"href":"https:\/\/www.homanablak.hu\/hr\/wp-json\/wp\/v2\/types\/post"}],"author":[{"embeddable":true,"href":"https:\/\/www.homanablak.hu\/hr\/wp-json\/wp\/v2\/users\/1"}],"replies":[{"embeddable":true,"href":"https:\/\/www.homanablak.hu\/hr\/wp-json\/wp\/v2\/comments?post=281"}],"version-history":[{"count":0,"href":"https:\/\/www.homanablak.hu\/hr\/wp-json\/wp\/v2\/posts\/281\/revisions"}],"wp:attachment":[{"href":"https:\/\/www.homanablak.hu\/hr\/wp-json\/wp\/v2\/media?parent=281"}],"wp:term":[{"taxonomy":"category","embeddable":true,"href":"https:\/\/www.homanablak.hu\/hr\/wp-json\/wp\/v2\/categories?post=281"},{"taxonomy":"post_tag","embeddable":true,"href":"https:\/\/www.homanablak.hu\/hr\/wp-json\/wp\/v2\/tags?post=281"}],"curies":[{"name":"wp","href":"https:\/\/api.w.org\/{rel}","templated":true}]}}